{"id":9617,"date":"2024-10-10T07:07:43","date_gmt":"2024-10-10T07:07:43","guid":{"rendered":"https:\/\/koristi-kos.hr\/?p=9617"},"modified":"2025-10-15T12:42:33","modified_gmt":"2025-10-15T12:42:33","slug":"poziv-na-dane-otvorenih-vrata-gospodarenje-otpadom-za-pravne-osobe","status":"publish","type":"post","link":"https:\/\/koristi-kos.hr\/index.php\/2024\/10\/10\/poziv-na-dane-otvorenih-vrata-gospodarenje-otpadom-za-pravne-osobe\/","title":{"rendered":"Poziv na Dane otvorenih vrata: Gospodarenje otpadom za pravne osobe"},"content":{"rendered":"<div class=\"wpb-content-wrapper\"><p>[vc_row][vc_column]\t\t\t<link rel=\"stylesheet\" id=\"wd-text-block-css\" href=\"https:\/\/koristi-kos.hr\/wp-content\/themes\/woodmart\/css\/parts\/el-text-block.min.css?ver=7.3.0\" type=\"text\/css\" media=\"all\" \/> \t\t\t\t\t<div id=\"wd-67077d2127d86\" class=\"wd-text-block wd-wpb reset-last-child wd-rs-67077d2127d86 text-left \">\n\t\t\t<h2>Zapre\u0161i\u0107, 27. studenog 2024.<\/h2>\n<p>Pozivamo sve zainteresirane pravne osobe (obrte i tvrtke) na Dane otvorenih vrata s temom gospodarenja otpadom, koji \u0107e se odr\u017eati <strong>27. studenog 2024.<\/strong> u prostorijama Zapre\u0161i\u0107 d.o.o.<\/p>\n<p>Pozivamo sve pravne osobe s podru\u010dja grada Zapre\u0161i\u0107a i okolnih op\u0107ina da iskoriste priliku i do\u0111u na besplatne stru\u010dne konzultacije i savjete o pravilnom zbrinjavanju otpada. Na ovom doga\u0111aju imat \u0107ete priliku saznati kako se uskladiti s va\u017ee\u0107om regulativom, nau\u010diti osnovne pojmove i terminologiju o otpadu, te dobiti upute o ispunjavanju prate\u0107ih listova i klasifikaciji proizvodnog otpada.<\/p>\n<p>Na va\u0161a pitanja odgovarat \u0107e stru\u010dnjaci:<\/p>\n<ul>\n<li>Danijel Dropulji\u0107, Voditelj Gospodarenja otpadom u Zapre\u0161i\u0107 d.o.o.<\/li>\n<li>\u017deljka Golob, magistra ekologije i voditeljica kampanje &#8220;Ne budi lo\u0161, koristi ko\u0161&#8221;<\/li>\n<\/ul>\n<p>Dani otvorenih vrata odr\u017eavaju se u sklopu kampanje &#8220;Ne budi lo\u0161, koristi ko\u0161&#8221;.<\/p>\n<p>Do\u0111ite i saznajte sve \u0161to vas zanima!<\/p>\n<p>Svi su dobrodo\u0161li!<\/p>\n\t\t<\/div>\n\t\t[\/vc_column][\/vc_row]<\/p>\n<\/div>","protected":false},"excerpt":{"rendered":"<p>[vc_row][vc_column][\/vc_column][\/vc_row]<\/p>\n","protected":false},"author":1,"featured_media":9624,"comment_status":"closed","ping_status":"open","sticky":false,"template":"","format":"standard","meta":{"footnotes":""},"categories":[71],"tags":[],"class_list":["post-9617","post","type-post","status-publish","format-standard","has-post-thumbnail","hentry","category-aktivnosti"],"yoast_head":"<!-- This site is optimized with the Yoast SEO plugin v24.1 - https:\/\/yoast.com\/wordpress\/plugins\/seo\/ -->\n<title>Poziv na Dane otvorenih vrata: Gospodarenje otpadom za pravne osobe - Koristi ko\u0161<\/title>\n<meta name=\"robots\" content=\"index, follow, max-snippet:-1, max-image-preview:large, max-video-preview:-1\" \/>\n<link rel=\"canonical\" href=\"https:\/\/koristi-kos.hr\/index.php\/2024\/10\/10\/poziv-na-dane-otvorenih-vrata-gospodarenje-otpadom-za-pravne-osobe\/\" \/>\n<meta property=\"og:locale\" content=\"hr_HR\" \/>\n<meta property=\"og:type\" content=\"article\" \/>\n<meta property=\"og:title\" content=\"Poziv na Dane otvorenih vrata: Gospodarenje otpadom za pravne osobe - Koristi ko\u0161\" \/>\n<meta property=\"og:description\" content=\"[vc_row][vc_column][\/vc_column][\/vc_row]\" \/>\n<meta property=\"og:url\" content=\"https:\/\/koristi-kos.hr\/index.php\/2024\/10\/10\/poziv-na-dane-otvorenih-vrata-gospodarenje-otpadom-za-pravne-osobe\/\" \/>\n<meta property=\"og:site_name\" content=\"Koristi ko\u0161\" \/>\n<meta property=\"article:published_time\" content=\"2024-10-10T07:07:43+00:00\" \/>\n<meta property=\"article:modified_time\" content=\"2025-10-15T12:42:33+00:00\" \/>\n<meta property=\"og:image\" content=\"https:\/\/koristi-kos.hr\/wp-content\/uploads\/2024\/10\/koristi-kos-1.jpeg\" \/>\n\t<meta property=\"og:image:width\" content=\"768\" \/>\n\t<meta property=\"og:image:height\" content=\"768\" \/>\n\t<meta property=\"og:image:type\" content=\"image\/jpeg\" \/>\n<meta name=\"author\" content=\"admin\" \/>\n<meta name=\"twitter:card\" content=\"summary_large_image\" \/>\n<meta name=\"twitter:label1\" content=\"Napisao\/la\" \/>\n\t<meta name=\"twitter:data1\" content=\"admin\" \/>\n\t<meta name=\"twitter:label2\" content=\"Procijenjeno vrijeme \u010ditanja\" \/>\n\t<meta name=\"twitter:data2\" content=\"1 minuta\" \/>\n<script type=\"application\/ld+json\" class=\"yoast-schema-graph\">{\"@context\":\"https:\/\/schema.org\",\"@graph\":[{\"@type\":\"WebPage\",\"@id\":\"https:\/\/koristi-kos.hr\/index.php\/2024\/10\/10\/poziv-na-dane-otvorenih-vrata-gospodarenje-otpadom-za-pravne-osobe\/\",\"url\":\"https:\/\/koristi-kos.hr\/index.php\/2024\/10\/10\/poziv-na-dane-otvorenih-vrata-gospodarenje-otpadom-za-pravne-osobe\/\",\"name\":\"Poziv na Dane otvorenih vrata: Gospodarenje otpadom za pravne osobe - Koristi ko\u0161\",\"isPartOf\":{\"@id\":\"https:\/\/koristi-kos.hr\/#website\"},\"primaryImageOfPage\":{\"@id\":\"https:\/\/koristi-kos.hr\/index.php\/2024\/10\/10\/poziv-na-dane-otvorenih-vrata-gospodarenje-otpadom-za-pravne-osobe\/#primaryimage\"},\"image\":{\"@id\":\"https:\/\/koristi-kos.hr\/index.php\/2024\/10\/10\/poziv-na-dane-otvorenih-vrata-gospodarenje-otpadom-za-pravne-osobe\/#primaryimage\"},\"thumbnailUrl\":\"https:\/\/koristi-kos.hr\/wp-content\/uploads\/2024\/10\/koristi-kos-1.jpeg\",\"datePublished\":\"2024-10-10T07:07:43+00:00\",\"dateModified\":\"2025-10-15T12:42:33+00:00\",\"author\":{\"@id\":\"https:\/\/koristi-kos.hr\/#\/schema\/person\/566b8366589ab2bf2837bbb59dd3c2e6\"},\"breadcrumb\":{\"@id\":\"https:\/\/koristi-kos.hr\/index.php\/2024\/10\/10\/poziv-na-dane-otvorenih-vrata-gospodarenje-otpadom-za-pravne-osobe\/#breadcrumb\"},\"inLanguage\":\"hr\",\"potentialAction\":[{\"@type\":\"ReadAction\",\"target\":[\"https:\/\/koristi-kos.hr\/index.php\/2024\/10\/10\/poziv-na-dane-otvorenih-vrata-gospodarenje-otpadom-za-pravne-osobe\/\"]}]},{\"@type\":\"ImageObject\",\"inLanguage\":\"hr\",\"@id\":\"https:\/\/koristi-kos.hr\/index.php\/2024\/10\/10\/poziv-na-dane-otvorenih-vrata-gospodarenje-otpadom-za-pravne-osobe\/#primaryimage\",\"url\":\"https:\/\/koristi-kos.hr\/wp-content\/uploads\/2024\/10\/koristi-kos-1.jpeg\",\"contentUrl\":\"https:\/\/koristi-kos.hr\/wp-content\/uploads\/2024\/10\/koristi-kos-1.jpeg\",\"width\":768,\"height\":768},{\"@type\":\"BreadcrumbList\",\"@id\":\"https:\/\/koristi-kos.hr\/index.php\/2024\/10\/10\/poziv-na-dane-otvorenih-vrata-gospodarenje-otpadom-za-pravne-osobe\/#breadcrumb\",\"itemListElement\":[{\"@type\":\"ListItem\",\"position\":1,\"name\":\"Po\u010detna stranica\",\"item\":\"https:\/\/koristi-kos.hr\/\"},{\"@type\":\"ListItem\",\"position\":2,\"name\":\"Poziv na Dane otvorenih vrata: Gospodarenje otpadom za pravne osobe\"}]},{\"@type\":\"WebSite\",\"@id\":\"https:\/\/koristi-kos.hr\/#website\",\"url\":\"https:\/\/koristi-kos.hr\/\",\"name\":\"Koristi ko\u0161\",\"description\":\"\",\"potentialAction\":[{\"@type\":\"SearchAction\",\"target\":{\"@type\":\"EntryPoint\",\"urlTemplate\":\"https:\/\/koristi-kos.hr\/?s={search_term_string}\"},\"query-input\":{\"@type\":\"PropertyValueSpecification\",\"valueRequired\":true,\"valueName\":\"search_term_string\"}}],\"inLanguage\":\"hr\"},{\"@type\":\"Person\",\"@id\":\"https:\/\/koristi-kos.hr\/#\/schema\/person\/566b8366589ab2bf2837bbb59dd3c2e6\",\"name\":\"admin\",\"image\":{\"@type\":\"ImageObject\",\"inLanguage\":\"hr\",\"@id\":\"https:\/\/koristi-kos.hr\/#\/schema\/person\/image\/\",\"url\":\"https:\/\/secure.gravatar.com\/avatar\/6647aa07395033e8d62a309f37e914f37adddc7395a3ac88bbb9a6a1db71d846?s=96&d=mm&r=g\",\"contentUrl\":\"https:\/\/secure.gravatar.com\/avatar\/6647aa07395033e8d62a309f37e914f37adddc7395a3ac88bbb9a6a1db71d846?s=96&d=mm&r=g\",\"caption\":\"admin\"},\"sameAs\":[\"https:\/\/koristi-kos.hr\"],\"url\":\"https:\/\/koristi-kos.hr\/index.php\/author\/admin_kos\/\"}]}<\/script>\n<!-- \/ Yoast SEO plugin. -->","yoast_head_json":{"title":"Poziv na Dane otvorenih vrata: Gospodarenje otpadom za pravne osobe - Koristi ko\u0161","robots":{"index":"index","follow":"follow","max-snippet":"max-snippet:-1","max-image-preview":"max-image-preview:large","max-video-preview":"max-video-preview:-1"},"canonical":"https:\/\/koristi-kos.hr\/index.php\/2024\/10\/10\/poziv-na-dane-otvorenih-vrata-gospodarenje-otpadom-za-pravne-osobe\/","og_locale":"hr_HR","og_type":"article","og_title":"Poziv na Dane otvorenih vrata: Gospodarenje otpadom za pravne osobe - Koristi ko\u0161","og_description":"[vc_row][vc_column][\/vc_column][\/vc_row]","og_url":"https:\/\/koristi-kos.hr\/index.php\/2024\/10\/10\/poziv-na-dane-otvorenih-vrata-gospodarenje-otpadom-za-pravne-osobe\/","og_site_name":"Koristi ko\u0161","article_published_time":"2024-10-10T07:07:43+00:00","article_modified_time":"2025-10-15T12:42:33+00:00","og_image":[{"width":768,"height":768,"url":"https:\/\/koristi-kos.hr\/wp-content\/uploads\/2024\/10\/koristi-kos-1.jpeg","type":"image\/jpeg"}],"author":"admin","twitter_card":"summary_large_image","twitter_misc":{"Napisao\/la":"admin","Procijenjeno vrijeme \u010ditanja":"1 minuta"},"schema":{"@context":"https:\/\/schema.org","@graph":[{"@type":"WebPage","@id":"https:\/\/koristi-kos.hr\/index.php\/2024\/10\/10\/poziv-na-dane-otvorenih-vrata-gospodarenje-otpadom-za-pravne-osobe\/","url":"https:\/\/koristi-kos.hr\/index.php\/2024\/10\/10\/poziv-na-dane-otvorenih-vrata-gospodarenje-otpadom-za-pravne-osobe\/","name":"Poziv na Dane otvorenih vrata: Gospodarenje otpadom za pravne osobe - Koristi ko\u0161","isPartOf":{"@id":"https:\/\/koristi-kos.hr\/#website"},"primaryImageOfPage":{"@id":"https:\/\/koristi-kos.hr\/index.php\/2024\/10\/10\/poziv-na-dane-otvorenih-vrata-gospodarenje-otpadom-za-pravne-osobe\/#primaryimage"},"image":{"@id":"https:\/\/koristi-kos.hr\/index.php\/2024\/10\/10\/poziv-na-dane-otvorenih-vrata-gospodarenje-otpadom-za-pravne-osobe\/#primaryimage"},"thumbnailUrl":"https:\/\/koristi-kos.hr\/wp-content\/uploads\/2024\/10\/koristi-kos-1.jpeg","datePublished":"2024-10-10T07:07:43+00:00","dateModified":"2025-10-15T12:42:33+00:00","author":{"@id":"https:\/\/koristi-kos.hr\/#\/schema\/person\/566b8366589ab2bf2837bbb59dd3c2e6"},"breadcrumb":{"@id":"https:\/\/koristi-kos.hr\/index.php\/2024\/10\/10\/poziv-na-dane-otvorenih-vrata-gospodarenje-otpadom-za-pravne-osobe\/#breadcrumb"},"inLanguage":"hr","potentialAction":[{"@type":"ReadAction","target":["https:\/\/koristi-kos.hr\/index.php\/2024\/10\/10\/poziv-na-dane-otvorenih-vrata-gospodarenje-otpadom-za-pravne-osobe\/"]}]},{"@type":"ImageObject","inLanguage":"hr","@id":"https:\/\/koristi-kos.hr\/index.php\/2024\/10\/10\/poziv-na-dane-otvorenih-vrata-gospodarenje-otpadom-za-pravne-osobe\/#primaryimage","url":"https:\/\/koristi-kos.hr\/wp-content\/uploads\/2024\/10\/koristi-kos-1.jpeg","contentUrl":"https:\/\/koristi-kos.hr\/wp-content\/uploads\/2024\/10\/koristi-kos-1.jpeg","width":768,"height":768},{"@type":"BreadcrumbList","@id":"https:\/\/koristi-kos.hr\/index.php\/2024\/10\/10\/poziv-na-dane-otvorenih-vrata-gospodarenje-otpadom-za-pravne-osobe\/#breadcrumb","itemListElement":[{"@type":"ListItem","position":1,"name":"Po\u010detna stranica","item":"https:\/\/koristi-kos.hr\/"},{"@type":"ListItem","position":2,"name":"Poziv na Dane otvorenih vrata: Gospodarenje otpadom za pravne osobe"}]},{"@type":"WebSite","@id":"https:\/\/koristi-kos.hr\/#website","url":"https:\/\/koristi-kos.hr\/","name":"Koristi ko\u0161","description":"","potentialAction":[{"@type":"SearchAction","target":{"@type":"EntryPoint","urlTemplate":"https:\/\/koristi-kos.hr\/?s={search_term_string}"},"query-input":{"@type":"PropertyValueSpecification","valueRequired":true,"valueName":"search_term_string"}}],"inLanguage":"hr"},{"@type":"Person","@id":"https:\/\/koristi-kos.hr\/#\/schema\/person\/566b8366589ab2bf2837bbb59dd3c2e6","name":"admin","image":{"@type":"ImageObject","inLanguage":"hr","@id":"https:\/\/koristi-kos.hr\/#\/schema\/person\/image\/","url":"https:\/\/secure.gravatar.com\/avatar\/6647aa07395033e8d62a309f37e914f37adddc7395a3ac88bbb9a6a1db71d846?s=96&d=mm&r=g","contentUrl":"https:\/\/secure.gravatar.com\/avatar\/6647aa07395033e8d62a309f37e914f37adddc7395a3ac88bbb9a6a1db71d846?s=96&d=mm&r=g","caption":"admin"},"sameAs":["https:\/\/koristi-kos.hr"],"url":"https:\/\/koristi-kos.hr\/index.php\/author\/admin_kos\/"}]}},"_links":{"self":[{"href":"https:\/\/koristi-kos.hr\/index.php\/wp-json\/wp\/v2\/posts\/9617","targetHints":{"allow":["GET"]}}],"collection":[{"href":"https:\/\/koristi-kos.hr\/index.php\/wp-json\/wp\/v2\/posts"}],"about":[{"href":"https:\/\/koristi-kos.hr\/index.php\/wp-json\/wp\/v2\/types\/post"}],"author":[{"embeddable":true,"href":"https:\/\/koristi-kos.hr\/index.php\/wp-json\/wp\/v2\/users\/1"}],"replies":[{"embeddable":true,"href":"https:\/\/koristi-kos.hr\/index.php\/wp-json\/wp\/v2\/comments?post=9617"}],"version-history":[{"count":1,"href":"https:\/\/koristi-kos.hr\/index.php\/wp-json\/wp\/v2\/posts\/9617\/revisions"}],"predecessor-version":[{"id":9619,"href":"https:\/\/koristi-kos.hr\/index.php\/wp-json\/wp\/v2\/posts\/9617\/revisions\/9619"}],"wp:featuredmedia":[{"embeddable":true,"href":"https:\/\/koristi-kos.hr\/index.php\/wp-json\/wp\/v2\/media\/9624"}],"wp:attachment":[{"href":"https:\/\/koristi-kos.hr\/index.php\/wp-json\/wp\/v2\/media?parent=9617"}],"wp:term":[{"taxonomy":"category","embeddable":true,"href":"https:\/\/koristi-kos.hr\/index.php\/wp-json\/wp\/v2\/categories?post=9617"},{"taxonomy":"post_tag","embeddable":true,"href":"https:\/\/koristi-kos.hr\/index.php\/wp-json\/wp\/v2\/tags?post=9617"}],"curies":[{"name":"wp","href":"https:\/\/api.w.org\/{rel}","templated":true}]}}